{"id":54,"date":"2014-03-13T09:09:11","date_gmt":"2014-03-13T09:09:11","guid":{"rendered":"http:\/\/animus.info.hu\/newajc\/?p=54"},"modified":"2014-03-19T19:00:09","modified_gmt":"2014-03-19T19:00:09","slug":"szamitogepes-jatek-internet","status":"publish","type":"post","link":"http:\/\/ajchristian.hu\/?p=54","title":{"rendered":"SZ\u00c1M\u00cdT\u00d3G\u00c9PES J\u00c1T\u00c9K, INTERNET"},"content":{"rendered":"<p><\/p>\n<p style=\"text-align: justify;\"><i>Al\u00e1bb id\u00e9z\u00fcnk A. J. Christian \u00e9letrajzi k\u00f6nyv\u00e9b\u0151l. Az al\u00e1bbi sorok seg\u00edtenek megteremteni azt a lehet\u0151s\u00e9get, hogy meg\u00e9rthess\u00fck a &#8222;Sz\u00e1m\u00edt\u00f3g\u00e9pes j\u00e1t\u00e9k&#8221; \u00e9s az &#8222;Internet&#8221; kifejez\u00e9s egy kiterjedtebb val\u00f3s\u00e1g\u00e1t. Mivel a k\u00f6nyv egy hossz\u00fa, k\u00e9t napos riport term\u00e9ke, ez\u00e9rt meghagytuk a k\u00e9rdezz-felelek form\u00e1t: a d\u0151lt bet\u0171s szavak a riporter-szerkeszt\u0151, Nagy Ervin, m\u00edg a hagyom\u00e1nyos karakterek Christian gondolatait takarj\u00e1k.<\/i><\/p>\n<p><i>\u201e- Ha m\u00e1r eml\u00edtetted: sok szakember vitatkozik azon, hogy az Internet, \u00e9s az er\u0151szakos sz\u00e1m\u00edt\u00f3g\u00e9pes j\u00e1t\u00e9kok mennyire \u00e1rtalmasak. Mit gondolsz err\u0151l?<\/i><br \/>\n<!--more--><br \/>\n&#8211; Tudod, nem gondolok semmit. \u00c1m ha te megn\u00e9zed a folyamatot, megl\u00e1thatod a val\u00f3s\u00e1got.<\/p>\n<p style=\"text-align: justify;\">A technika eszk\u00f6z. Egy g\u00e9p. Amely nem ad semmit, \u00e9s nem vesz el semmit. Az ember az, aki a technik\u00e1val rombol vagy \u00e9p\u00edt. Az Internet egyr\u00e9szt zseni\u00e1lis tal\u00e1lm\u00e1ny, m\u00e1sr\u00e9szt meg egy olyan p\u00f6ceg\u00f6d\u00f6r, ahova az ego k\u00f6nnyed\u00e9n eltemeti az embert. Csod\u00e1latos, hogy rengeteg inform\u00e1ci\u00f3hoz hozz\u00e1f\u00e9rhetsz, csod\u00e1latos, hogy idegen emberekkel kapcsolatot teremthetsz. S tal\u00e1n, ami m\u00e9g enn\u00e9l is fontosabb, k\u00f6nnyed\u00e9n meg\u00e9lheted az elismer\u00e9st. Mert nem kell sok p\u00e9nz, kapcsolatok vagy id\u0151, hogy az alkot\u00e1sod vil\u00e1gh\u00edr\u0171v\u00e9 tegyen; fell\u00e9psz a netre, \u00e9s \u00f6t perc m\u00falva mindenki l\u00e1thatja azt, aki vagy.<\/p>\n<p style=\"text-align: justify;\">S hogy ez mi\u00e9rt j\u00f3? Tudod, a dikt\u00e1tor minden emberben benne van. A dikt\u00e1torr\u00e1 v\u00e1l\u00e1s egyik oka a f\u00e9lelem \u2013 err\u0151l m\u00e1r besz\u00e9lt\u00fcnk. A m\u00e1sik ok azonban, az elismer\u00e9s bezsebel\u00e9s\u00e9nek a hi\u00e1nya. Mert mir\u0151l is van sz\u00f3? Ha megfigyeld, a nagy m\u0171v\u00e9szek mindig a hal\u00e1luk ut\u00e1n lettek igaz\u00e1n ismertek. S noha ennek voltak politikai felhangjai is \u2013 egy halott m\u0171v\u00e9sz \u00e9letm\u0171ve felhaszn\u00e1lhat\u00f3, mert m\u00e1r nem tud tiltakozni \u2013 az okok legink\u00e1bb fizika jelleg\u0171ek: r\u00e9gebben \u00e9vtizedekre volt sz\u00fcks\u00e9g, hogy egy alkot\u00e1s elterjedjen a vil\u00e1gban \u00e9s az elismer\u00e9s visszagy\u0171r\u0171zz\u00f6n az alkot\u00f3ig.<\/p>\n<p style=\"text-align: justify;\">A dikt\u00e1torok az\u00e9rt t\u00f6rnek min\u00e9l gyorsabban tot\u00e1lis uralomra, mert az egojuk azt sutyorogja a f\u00fcl\u00fckbe, hogy hi\u00e1ba nagyok, mire a vil\u00e1g ezt elismeri, meg fognak halni. \u00cdgy az ego, egyszer\u0171en nem tudja ki\u00e9lvezni a teremt\u00e9st. N\u00e9zd csak meg, ahogy egy dikt\u00e1tor hatalomra ker\u00fcl, a k\u00f6nyvei vagy a festm\u00e9nyei, azonnal tananyagg\u00e1 v\u00e1lnak az iskol\u00e1kban \u00e9s a leig\u00e1zott orsz\u00e1gokban. S nem az\u00e9rt, hogy az \u201eeszm\u00e9vel\u201d er\u0151s\u00edtse a hatalm\u00e1t. Azt megteszi helyette a propaganda. Az egonak van sz\u00fcks\u00e9ge arra, hogy meg\u00e9lje az elismer\u00e9st. Az egy\u00e9n az\u00e9rt v\u00e1lik dikt\u00e1torr\u00e1, mert az ego bele\u0151r\u00fcl abba, hogy nem \u00e9lvezheti \u201enagys\u00e1g\u00e1t\u201d.<\/p>\n<p style=\"text-align: justify;\">Az ember megsz\u00e1llottan hajh\u00e1ssza az elismer\u00e9st, szinte mindent megtesz, hogy a c\u00edmlapokra ker\u00fclj\u00f6n. Ha ez nem siker\u00fcl, az egoja s\u00e9r\u00fcl, \u00e9s bizony er\u0151szakoss\u00e1, agressz\u00edvv\u00e9 v\u00e1lik &#8211; ha nem lehet a vil\u00e1g elnyom\u00f3ja, elnyomja a k\u00f6rnyezett\u00e9t, vagy saj\u00e1t mag\u00e1t.<\/p>\n<p><i>&#8211; Teh\u00e1t, azt mondod, hogy az Internetnek k\u00f6sz\u00f6nhet\u0151en, kevesebb a potenci\u00e1lis dikt\u00e1tor?<\/i><\/p>\n<p>&#8211; Kevesebb ego roppan bele abba, hogy nem tud megnyilv\u00e1nulni, mert a vil\u00e1gh\u00e1l\u00f3 egy olyan lehet\u0151s\u00e9g, ahol szabadon kifejezheti mag\u00e1t. S bizony, ebben rejlik a vesz\u00e9lye is\u2026<\/p>\n<p style=\"text-align: justify;\">Az Internet legnagyobb \u00e1tka az arctalans\u00e1g. Mert feler\u0151s\u00edti a gy\u00e1vas\u00e1got, a g\u00e1tl\u00e1sokat \u00e9s az \u00f6ntudatlans\u00e1got. Aki a vil\u00e1gh\u00e1l\u00f3n \u00e9sz n\u00e9lk\u00fcl kritiz\u00e1l, \u00e9s mindenkinek megmondja a mag\u00e1\u00e9t, \u00e1ltal\u00e1ban az \u00e9letben meg sem mer mukkani, vagy a kommunik\u00e1ci\u00f3 hi\u00e1nya miatt, gyakran csak agressz\u00edvan k\u00e9pes megnyilv\u00e1nulni. Azok is vesz\u00edtenek, akik csak a neten k\u00e9pesek ismerkedni: azzal, hogy az arctalans\u00e1g \u00e1lruh\u00e1j\u00e1ban hazudhatnak, elvesztik a v\u00e1ltoz\u00e1s lehet\u0151s\u00e9g\u00e9t. R\u00e1ad\u00e1sul, a H\u00e1l\u00f3 n\u00f6veli a t\u00e1rsadalom befoly\u00e1solhat\u00f3s\u00e1g\u00e1t. Az emberek nagyobb hitelt adnak azoknak a hazugs\u00e1goknak, amelyekr\u0151l azt hiszik, hogy egy hozz\u00e1juk hasonl\u00f3 \u00edrta. Amikor egy bulv\u00e1rmagazin lek\u00f6z\u00f6l egy h\u00edrt, legyintesz, mert tudod, hogy a fele sem igaz. Azonban, ha a neten olvasod egy \u201e\u00e1tlagember\u201d v\u00e9lem\u00e9ny\u00e9t, aki csak \u00fagy mell\u00e9kesen megjegyzi, hogy szem\u00e9lyesen ismeri a szt\u00e1rt, hitelt adsz a t\u00f6rt\u00e9netnek. Pedig nem tudod, hogy val\u00f3j\u00e1ban ki is van a dr\u00f3t m\u00e1sik oldal\u00e1n.<\/p>\n<p>Az er\u0151szakos j\u00e1t\u00e9kok pedig\u2026<\/p>\n<p style=\"text-align: justify;\">\u00c9rdekes, ha egy gyerek felkap egy pusk\u00e1t, \u00e9s lel\u00f6vi az oszt\u00e1lyt\u00e1rsait, akkor mindenkit hib\u00e1ztatnak, \u00e9pp csak azt a t\u00e1rsadalmi, szoci\u00e1lis rendszert, amely \u00e9vek alatt t\u00f6nkretette a k\u00f6lyk\u00f6t. \u00c9pp csak a sz\u00fcleit nem, akik nem figyeltek oda csemet\u00e9j\u00fckre. Amikor t\u00edzmilli\u00f3 gyerekb\u0151l, akik ugyan azzal a j\u00e1t\u00e9kkal j\u00e1tszanak, egy er\u0151szakos lesz, hogy lehet a j\u00e1t\u00e9kot hib\u00e1ztatni?! A politikusok sokkal k\u00f6zelebb ker\u00fcln\u00e9nek az igazs\u00e1ghoz, ha otthon n\u00e9zn\u00e9nek k\u00f6rbe\u2026<\/p>\n<p style=\"text-align: justify;\">Egy j\u00e1t\u00e9k sosem ad semmit. Hogy is tudna? Egyszer\u0171en csak el\u0151hozza azt, ami benned van. Erre nem csak az elektronikus, \u201eer\u0151szakos\u201d j\u00e1t\u00e9k k\u00e9pes: szerinted annak az er\u0151szaknak mi k\u00f6ze a focihoz, amikor t\u00f6bb sz\u00e1z feln\u0151tt ember veri v\u00e9resre egym\u00e1st az\u00e9rt, mert huszonk\u00e9t ember 90 percig rugdosott egy b\u0151rdarabot?<\/p>\n<p style=\"text-align: justify;\">Fontos, hogy meg\u00e9rtsd: a gyerek nem tudatos erre a vil\u00e1gra. Van saj\u00e1t tudatoss\u00e1ga, de a szem\u00e9lyis\u00e9ge, amellyel az \u00e9let\u00e9t itt \u00e9li, az kialakul. Kialak\u00edtod te, a sz\u00fcl\u0151, \u00e9s a t\u00e1rsadalmad. Egy gyerek sosem az er\u0151szakos j\u00e1t\u00e9k miatt lesz agressz\u00edv. Az \u00e9let hozza el\u0151 bel\u0151le az er\u0151szakoss\u00e1got, amelynek r\u00e9sze a j\u00e1t\u00e9k is. Az er\u0151szak minden emberben benne van. Nem lehet elfojtani vagy elnyomni. Nem lehet nevelni, \u00e9s nem lehet r\u00f3la nem tudom\u00e1st venni sem. Az er\u0151szak megold\u00e1sa egyszer\u0171 lenne, ha a politik\u00e1nak \u00e9rdek\u00e9ben \u00e1llna. Azonban nem \u00e1ll \u00e9rdek\u00e9ben. A rendszer mindig arra v\u00e1gyik, hogy polg\u00e1rai egy jelent\u0151s r\u00e9sze er\u0151szakos maradjon. Mert sz\u00fcks\u00e9g van katon\u00e1kra, \u00e9s sz\u00fcks\u00e9g van az er\u0151szakoss\u00e1g adta befoly\u00e1solhat\u00f3s\u00e1gra. Ebben \u2013 ak\u00e1rcsak a legt\u00f6bb hamis erk\u00f6lcs\u00f6ss\u00e9gben &#8211; az Egyes\u00fclt \u00c1llamok j\u00e1r az \u00e9len. A m\u00faltkor moziban voltam. A filmben folyt a v\u00e9r, repkedtek a kezek \u00e9s a l\u00e1bak, \u00e1m m\u00e9g egy m\u0171anyag, meztelen n\u0151t \u00e1br\u00e1zol\u00f3 ruhab\u00e1bunak is kitakart\u00e1k a mell\u00e9t! A szenved\u00e9s rendben, a v\u00e9r lefr\u00f6cs\u00f6ghet a v\u00e1szonr\u00f3l, azonban m\u00e1r egy m\u0171anyagb\u00e1bu melle is tabu.<\/p>\n<p><i>&#8211; \u00c9pp az Egyes\u00fclt \u00c1llamokban t\u00e1madj\u00e1k az er\u0151szakos j\u00e1t\u00e9kokat\u2026<\/i><\/p>\n<p>&#8211; Mert nem mernek szemben\u00e9zni azzal, hogy a t\u00e1rsadalmukban bek\u00f6vetkez\u0151 rothad\u00e1s\u00e9rt \u0151k a felel\u0151sek. Tudod, az ember mindig m\u00e1st hib\u00e1ztat \u2013 \u00e9s egy okos politikus k\u00f6nnyed\u00e9n megmagyar\u00e1zhatja a sz\u00fcl\u0151knek, hogy nem az\u00e9rt er\u0151szakos a gyerek, mert nem t\u00f6r\u0151dtek vele, hanem az\u00e9rt, mert a cs\u00fanya j\u00e1t\u00e9kok erre nevelik \u0151ket.<\/p>\n<p style=\"text-align: justify;\">Ha val\u00f3ban szeretn\u00e9l seg\u00edteni a k\u00f6vetkez\u0151 gener\u00e1ci\u00f3kon, akkor meg kell \u00e9rtened, hogy a gyerek azt a mint\u00e1t k\u00f6veti, amelyet a vil\u00e1gban l\u00e1t. Azonban a l\u00e9nyeg \u2013 az \u00e9rz\u00e9s \u2013 benne van, az er\u0151szakos filmekt\u0151l vagy j\u00e1t\u00e9kokt\u00f3l, csak a mint\u00e1t lesheti el. \u00c9pp ez\u00e9rt, nem az a megold\u00e1s, hogy a fiatalok el\u0151l megpr\u00f3b\u00e1lod elz\u00e1rni az ilyen t\u00e9m\u00e1j\u00fa j\u00e1t\u00e9kokat. A gyereket nem \u00fcvegbur\u00e1ban kell felnevelni &#8211; mert azt \u00fagy sem tudod &#8211; hanem k\u00f6z\u00f6sen, egy\u00fctt kell vele j\u00e1tszani. A sz\u00fcl\u0151nek le kellene \u00fclni a gyerek\u00e9vel, \u00e9s a j\u00e1t\u00e9k k\u00f6zben elmagyar\u00e1zni neki a l\u00e1tottakat. A gyerek csak akkor k\u00f6veti az er\u0151szakos mint\u00e1t, ha nem l\u00e1t jobbat. Ha egy feln\u0151tt elmagyar\u00e1zn\u00e1, hogy az er\u0151szak sosem megold\u00e1s, ha elmagyar\u00e1zn\u00e1, hogy a j\u00e1t\u00e9k ezen form\u00e1ja is lehet sz\u00f3rakoztat\u00f3 mindaddig, am\u00edg a virtu\u00e1lis vil\u00e1g keretei k\u00f6z\u00f6tt marad, akkor a helyzet sokat javulna. Csakhogy ehhez arra lenne sz\u00fcks\u00e9g, hogy a sz\u00fcl\u0151k foglakozzanak a gyerekeikkel, \u00e9s nem a harmadik \u00e1llasukban dolgozzanak. Arra lenne sz\u00fcks\u00e9g, hogy a sz\u00fcl\u0151k val\u00f3ban szeress\u00e9k gyermekeiket, ne csak b\u00fcszk\u00e9k akarjanak lenni r\u00e1juk.<\/p>\n<p style=\"text-align: justify;\">Ha a feln\u0151ttek nem k\u00f6zelednek a gyermekeik vil\u00e1g\u00e1hoz, elvesztik \u0151ket. Ma m\u00e1r felgyorsult a vil\u00e1g, az egym\u00e1st k\u00f6vet\u0151 gener\u00e1ci\u00f3k, egyre t\u00e1volabb ker\u00fclnek egym\u00e1st\u00f3l: az a technika, ami a mi gyerekkorunkban csak az \u00edr\u00f3k fant\u00e1zi\u00e1j\u00e1ban l\u00e9tezett, ma m\u00e1r val\u00f3s\u00e1g. Ha a sz\u00fcl\u0151k nem \u00e9lik meg a gyerekek \u00e9rt\u00e9krendj\u00e9t \u00e9s t\u00f6rv\u00e9nyeit \u2013 mert a gyerekek t\u00e1rsadalm\u00e1nak saj\u00e1t t\u00f6rv\u00e9nyei vannak \u2013, nem tudj\u00e1k meg\u00e9rtetni vel\u00fck az \u00e9letet. S akkor, a gyerek azt a mint\u00e1t fogja k\u00f6vetni, amelyet a saj\u00e1t egoj\u00e1val f\u00e9lre\u00e9rtelmez.<\/p>\n<p><i>&#8211; Egy hallgat\u00f3nk azt k\u00e9rdezi, hogy:\u201d \u2013 Ha Interneten ismerkedem, sosem tudom, hogy milyen is a m\u00e1sik val\u00f3j\u00e1ban. Nincs arra valami technika, hogy egy emailb\u0151l meg\u00e1llap\u00edtsam, milyen a m\u00e1sik embert?\u201d<\/i><\/p>\n<p>&#8211; (Nevet) De van. \u00dagy h\u00edvj\u00e1k, hogy szem\u00e9lyes tal\u00e1lkoz\u00e1s.<\/p>\n<p><i>&#8211; De ha nincs id\u0151m arra, hogy tal\u00e1lkozzam vele? <\/i><\/p>\n<p>&#8211; Akkor nem is vagy r\u00e1 k\u00edv\u00e1ncsi igaz\u00e1n. Ha val\u00f3ban tal\u00e1lkozni akarsz valakivel, lesz r\u00e1 id\u0151d. Ember, ha sajn\u00e1lod az id\u0151t az \u00e9letre, akkor minek pocs\u00e9kolod a virtu\u00e1lis vil\u00e1gban?&#8221;<\/p>","protected":false},"excerpt":{"rendered":"<p>Al\u00e1bb id\u00e9z\u00fcnk A. J. Christian \u00e9letrajzi k\u00f6nyv\u00e9b\u0151l. Az al\u00e1bbi sorok seg\u00edtenek megteremteni azt a lehet\u0151s\u00e9get, hogy meg\u00e9rthess\u00fck a &#8222;Sz\u00e1m\u00edt\u00f3g\u00e9pes j\u00e1t\u00e9k&#8221; \u00e9s az &#8222;Internet&#8221; kifejez\u00e9s egy kiterjedtebb val\u00f3s\u00e1g\u00e1t. Mivel a k\u00f6nyv egy hossz\u00fa, k\u00e9t napos riport term\u00e9ke, ez\u00e9rt meghagytuk a k\u00e9rdezz-felelek form\u00e1t: a d\u0151lt bet\u0171s szavak a riporter-szerkeszt\u0151, Nagy Ervin, m\u00edg a hagyom\u00e1nyos karakterek Christian gondolatait [&hellip;]<\/p>\n","protected":false},"author":1,"featured_media":0,"comment_status":"closed","ping_status":"closed","sticky":false,"template":"","format":"standard","meta":[],"categories":[15],"tags":[],"_links":{"self":[{"href":"http:\/\/ajchristian.hu\/index.php?rest_route=\/wp\/v2\/posts\/54"}],"collection":[{"href":"http:\/\/ajchristian.hu\/index.php?rest_route=\/wp\/v2\/posts"}],"about":[{"href":"http:\/\/ajchristian.hu\/index.php?rest_route=\/wp\/v2\/types\/post"}],"author":[{"embeddable":true,"href":"http:\/\/ajchristian.hu\/index.php?rest_route=\/wp\/v2\/users\/1"}],"replies":[{"embeddable":true,"href":"http:\/\/ajchristian.hu\/index.php?rest_route=%2Fwp%2Fv2%2Fcomments&post=54"}],"version-history":[{"count":7,"href":"http:\/\/ajchristian.hu\/index.php?rest_route=\/wp\/v2\/posts\/54\/revisions"}],"predecessor-version":[{"id":400,"href":"http:\/\/ajchristian.hu\/index.php?rest_route=\/wp\/v2\/posts\/54\/revisions\/400"}],"wp:attachment":[{"href":"http:\/\/ajchristian.hu\/index.php?rest_route=%2Fwp%2Fv2%2Fmedia&parent=54"}],"wp:term":[{"taxonomy":"category","embeddable":true,"href":"http:\/\/ajchristian.hu\/index.php?rest_route=%2Fwp%2Fv2%2Fcategories&post=54"},{"taxonomy":"post_tag","embeddable":true,"href":"http:\/\/ajchristian.hu\/index.php?rest_route=%2Fwp%2Fv2%2Ftags&post=54"}],"curies":[{"name":"wp","href":"https:\/\/api.w.org\/{rel}","templated":true}]}}