{"id":52,"date":"2014-03-13T09:07:23","date_gmt":"2014-03-13T09:07:23","guid":{"rendered":"http:\/\/animus.info.hu\/newajc\/?p=52"},"modified":"2014-03-19T19:00:13","modified_gmt":"2014-03-19T19:00:13","slug":"kritika","status":"publish","type":"post","link":"http:\/\/ajchristian.hu\/?p=52","title":{"rendered":"KRITIKA"},"content":{"rendered":"<p><\/p>\n<p style=\"text-align: justify;\">A k\u00f6vetkez\u0151 k\u00e9rd\u00e9st A. J. Christian 2005-ben, egy nyilv\u00e1nos el\u0151ad\u00e1son kapta.<\/p>\n<p style=\"text-align: justify;\"><i>&#8222;- Kedves Christian! Gyakran besz\u00e9lgetek r\u00f3lad m\u00e1sokkal, s amikor t\u00e9ged szidnak vagy kritiz\u00e1lnak, mindig megd\u00f6bbenek az emberek vaks\u00e1g\u00e1n, r\u00e1ad\u00e1sul az ilyenkor kirobban\u00f3 vit\u00e1ban \u00e9n is agressz\u00edv leszek, pedig tudom, hogy a vit\u00e1nak nincs semmi \u00e9rtelme. T\u00e9ged szemmel l\u00e1that\u00f3an nem \u00e9rdekel m\u00e1sok v\u00e9lem\u00e9nye, hogy csin\u00e1lod? Mes\u00e9ln\u00e9l valamit a kritiz\u00e1l\u00e1sr\u00f3l?<\/i><\/p>\n<p style=\"text-align: justify;\">&#8211; Tudod, \u00e9n maxim\u00e1lisan t\u00e1mogatom az engem kritiz\u00e1l\u00f3kat, szidalmaz\u00f3kat. M\u00e9gpedig az\u00e9rt, mert a kritiz\u00e1l\u00e1s egy olyan lehet\u0151s\u00e9g, amely sokat ad(hat) a kritiz\u00e1l\u00f3nak \u00e9s a hallgat\u00f3nak \u00e9pp \u00fagy, mint a c\u00e9lszem\u00e9lynek &#8211; jelen esetben nekem.<\/p>\n<p style=\"text-align: justify;\">A kritiz\u00e1l\u00e1s, a v\u00e9lem\u00e9nyez\u00e9s vagy az \u00edt\u00e9lkez\u00e9s, a legt\u00f6bb szellemi ember szem\u00e9ben &#8222;b\u0171n&#8221;, mert az \u00e1ltal\u00e1nos felfog\u00e1s szerint a szellemileg fejlett, megvil\u00e1gosodott ember ilyet nem csin\u00e1l. Azonban ha megfigyeled az \u00e9let term\u00e9szet\u00e9t, megl\u00e1tod, hogy a val\u00f3s\u00e1g enn\u00e9l sokkal \u00f6sszetettebb&#8230;<\/p>\n<p><!--more--><\/p>\n<p style=\"text-align: justify;\">Haladjunk sorban, kezdj\u00fck a kritiz\u00e1l\u00f3val. Az egy\u00e9n kialakul\u00e1s\u00e1nak egy szakasz\u00e1ban a v\u00e9lem\u00e9nyalkot\u00e1s nagyon fontos! Az \u00edt\u00e9lkez\u00e9s seg\u00edti az embert, hogy tiszt\u00e1ba ker\u00fclj\u00f6n a saj\u00e1t hat\u00e1raival, s\u0151t, olykor arra is alkalmas, hogy t\u00e1g\u00edtsa azt. Sajnos, ez ut\u00f3bbi ritk\u00e1n k\u00f6vetkezik be, mert a kritiz\u00e1l\u00f3nak \u00e1ltal\u00e1ban olyan er\u0151s a meggy\u0151z\u0151d\u00e9se, hogy nem, vagy csak elferd\u00edtve fogja fel azt, amit a m\u00e1sikt\u00f3l hall. Ennek ellen\u00e9re a m\u00e1sik szapul\u00e1sa m\u00e9g ekkor is fontos, mert a kritikus bizonyos fesz\u00fclts\u00e9gekt\u0151l csak \u00edgy szabadulhat meg. \u00dagyhogy, ha valami\u00e9rt \u00fagy alakul, nyugodtan hangoztasd a v\u00e9lem\u00e9nyed \u00e9s ne n\u00e9zd le azt, aki ezt teszi &#8211; ne feledd, ha a pocskondi\u00e1z\u00e1snak nem lenne \u00e9rtelme, akkor nem lenne.<\/p>\n<p style=\"text-align: justify;\">Nos, a hallgat\u00f3 sz\u00e1m\u00e1ra t\u00f6bb okb\u00f3l is fontos, hogy hallja a m\u00e1sokr\u00f3l sz\u00f3l\u00f3 kritik\u00e1t. Maradjunk a p\u00e9ld\u00e1n\u00e1l: t\u00e9ged zavar, hogy engem hazugnak vagy sz\u00e1lh\u00e1mosnak tartanak, ugye? Figyelj: van, aki l\u00e1tott levit\u00e1lni, \u00e9s azt mondja, hogy tudok levit\u00e1lni, van, aki szerint csak k\u00f6t\u00e9len l\u00f3gtam vagy t\u00f6meghipn\u00f3zist alkalmazzam. Van, aki szerint \u00e9n gy\u00f3gy\u00edtottam meg \u0151t vagy a gyermek\u00e9t, van, aki szerint csak v\u00e9letlen volt&#8230; Kinek van igaza? Nem tudhatod. Senki sem tudhatja. Viszont vedd \u00e9szre, hogy a te meggy\u0151z\u0151d\u00e9sed \u00e9pp \u00fagy csak egy elv, mint azok\u00e9, akik sz\u00e9lh\u00e1mosnak tartanak. Vedd \u00e9szre, lehet, hogy nekik van igazuk! Az\u00e9rt ne tarts megvil\u00e1gosodottnak, hitelesnek vagy tudom is \u00e9n mekkora szentnek, mert annak hiszel. \u00c9rted? \u00dagyhogy az, hogy hallod a r\u00f3lam sz\u00f3l\u00f3 szidalmakat, alkalmat teremt arra, hogy szembes\u00fclj a saj\u00e1t hiteddel. Nem v\u00e9letlen\u00fcl k\u00e9rlek mindig arra, hogy ne hidd el a szavaimat, \u00e9s hogy figyelj. Nekem \u00e9s neked is az a l\u00e9nyeg, hogy meg\u00e9lhesd azt, aki vagy &#8211; az engem kritiz\u00e1l\u00f3k seg\u00edthetnek neked abban, hogy t\u00fall\u00e9pj a r\u00f3lam alkotott k\u00e9pen.<\/p>\n<p style=\"text-align: justify;\">M\u00e1sr\u00e9szt, mik\u00f6zben hallgatod, ahogy &#8211; a p\u00e9ld\u00e1b\u00f3l kiindulva &#8211; engem szidnak, \u00e9s k\u00f6zben figyeled magad, sok mindent megtudhatsz \u00f6nmagadr\u00f3l. Amikor t\u00e9ged szapulnak, \u00e1ltal\u00e1ban nem tudsz t\u00e1rgyilagos maradni. Azonban amikor m\u00e1st szidnak, k\u00f6nnyebben veheted \u00e9szre a benned v\u00e9gbemen\u0151 v\u00e1ltoz\u00e1sokat, a k\u00fcl\u00f6nf\u00e9le rezd\u00fcl\u00e9seket. Ez az\u00e9rt visz el\u0151bbre, mert saj\u00e1t magad \u00e9led meg a benned l\u00e9v\u0151 tartalmat, nem pedig egy gurunak, pszichol\u00f3gusnak vagy k\u00f6nyvnek hiszel. Amikor \u00e9pp a m\u00e1sokr\u00f3l sz\u00f3l\u00f3 kritik\u00e1t hallgatod, ne hidd el, amit mondanak, ne is tagadd meg, egyszer\u0171en csak figyeld magadat, mert \u00edgy az esem\u00e9nyeket a saj\u00e1t hasznodra ford\u00edthatod. A vit\u00e1t \u00e9s az \u00edt\u00e9lkez\u00e9st ellenz\u0151knek annyiban igaza van, hogy ezek a t\u00e9ma szempontj\u00e1b\u00f3l nem visznek az igazs\u00e1g k\u00f6zel\u00e9be: amikor az emberek vit\u00e1znak, akkor olyan meggy\u0151z\u0151d\u00e9sek csapnak \u00f6ssze, amelyet mindk\u00e9t oldal al\u00e1 tud t\u00e1masztani &#8211; logikus, tapasztalati, stb. &#8211; \u00e9rvekkel, de az \u00e9rtelmes ember tiszt\u00e1ban van vele, hogy az \u0151 logik\u00e1ja vagy tapasztalata is lehet t\u00e9ves&#8230;<\/p>\n<p style=\"text-align: justify;\">\u00dagyhogy a vit\u00e1z\u00e1s \u00e9s a v\u00e9lem\u00e9ny hangoztat\u00e1sa az\u00e9rt nem visz az igazs\u00e1g fel\u00e9, mert mindenki csak azt ragadja meg a c\u00e9lszem\u00e9lyb\u0151l, amit fel tud fogni. Term\u00e9szetesen itt is vannak k\u00fcl\u00f6nbs\u00e9gek &#8211; van, aki csak \u00e9rzelmi alapon vit\u00e1zik, van, aki csak meggy\u0151z\u0151d\u00e9sb\u0151l &#8211; de ha megfigyeled, m\u00e9g a legokosabbak is csak arra k\u00e9pesek, hogy a c\u00e9lszem\u00e9ly szavaib\u00f3l kiragadnak egy mondatot &#8211; vagy a tetteib\u0151l egy \u00f6nmag\u00e1ban am\u00fagy \u00e9rtelmezhetetlen momentumot &#8211; majd azt a saj\u00e1t felfog\u00e1suk szerint \u00e9rtelmezik. \u00dajra elmondan\u00e1m, nincs ezzel semmi baj, aki ezt csin\u00e1lja, csin\u00e1lja csak nyugodtan.<\/p>\n<p style=\"text-align: justify;\">Sz\u00e1momra pedig, mint c\u00e9lszem\u00e9lynek, nagyon hasznos a kritika, mert seg\u00edti a &#8222;munk\u00e1mat&#8230;&#8221; El\u0151sz\u00f6r is meg kell \u00e9rtened, hogy technikailag a dics\u00e9ret is kritika. Ugyan azon az elven m\u0171k\u00f6dik, csak a form\u00e1ja m\u00e1s. \u00c1ltal\u00e1ban csak a &#8222;hib\u00e1inkat&#8221;, vagy a &#8222;rossz d\u00f6nt\u00e9seinket&#8221; kiemel\u0151 v\u00e9lem\u00e9nyt nevezz\u00fck kritik\u00e1nak, de amikor rajonganak \u00e9rted, azzal is v\u00e9lem\u00e9nyt alkotnak r\u00f3lad, \u00e9pp csak az j\u00f3l esik. Ha megfigyeled, \u00e9n sosem reag\u00e1lok sem a szidalmakra, sem a dics\u00e9retekre, sosem pr\u00f3b\u00e1lom befoly\u00e1solni azt a k\u00e9pet, amely az egy\u00e9nek fej\u00e9ben kialakul. Ez m\u00e9g akkor is \u00edgy van, amikor biztosan tudom, hogy a r\u00f3lam alkotott v\u00e9lem\u00e9ny hamis: ha pl. tegnap 4-kor otthon \u00fcltem, \u00e9s te azt terjeszted, hogy akkor l\u00e1tt\u00e1l boh\u00f3cruh\u00e1ban ugr\u00e1lni a parkban, akkor sem mondom azt, hogy ez nem igaz. S nem az\u00e9rt, mert akkora szent vagyok, egyszer\u0171en csak \u00e9lek az kritiz\u00e1l\u00f3 teremtette lehet\u0151s\u00e9ggel. Mert mir\u0151l is van sz\u00f3? A val\u00f3s\u00e1g tudatos meg\u00e9l\u00e9se nem k\u00f6nny\u0171: amikor az ember a figyelem hat\u00e1s\u00e1ra el\u0151sz\u00f6r szembes\u00fcl leplezetlen\u00fcl \u00f6nmag\u00e1val, az bizony f\u00e1jdalmas tud lenni. Akik m\u00e1r r\u00e9g\u00f3ta figyelik \u00f6nmagukat, tudj\u00e1k, mir\u0151l besz\u00e9lek; bizony, sokaknak f\u00e1j, amikor el\u0151sz\u00f6r szembes\u00fclnek tetteik val\u00f3di indok\u00e1val, val\u00f3s\u00e1gnak hitt ill\u00fazi\u00f3vil\u00e1gukkal, vagy kor\u00e1bban sziklaszil\u00e1rdnak meg\u00e9lt hit\u00fck hamiss\u00e1g\u00e1val. Tudod, a legt\u00f6bb ember m\u00e9g nem tudja feldolgozni ezt &#8211; csakhogy nincs olyan l\u00e9ny, aki t\u00f6k\u00e9letes biztons\u00e1ggal belel\u00e1t m\u00e1sok fej\u00e9be, hogy megmondhassa, ki k\u00e9pes szembes\u00fclni a tettei k\u00f6vetkezm\u00e9nyeivel, ki pedig nem. \u00c9n sem tudhatom, mikor l\u00e1tok igazat, \u00e9s mikor nem, \u00fagyhogy t\u00f6bbek k\u00f6zt az\u00e9rt szeretem ha engem szidnak vagy dics\u00e9rnek, mert annak, aki az\u00e9rt nem hallja meg amit mondok, mert elhiszi a szidalmakat, vagy aki az\u00e9rt, mert elhiszi a dics\u00e9retet&#8230; nos, annak m\u00e9g \u00fagy sem tudok mit mondani. Aki m\u00e9g ennyire befoly\u00e1solhat\u00f3, az m\u00e9g nem akar szemben\u00e9zni a saj\u00e1t l\u00e9ny\u00e9vel. Hangs\u00falyozom, ez egy\u00e1ltal\u00e1n nem probl\u00e9ma, egyszer\u0171en csa a r\u00f3lam alkotott v\u00e9lem\u00e9nynek van egy ilyen \u00e1ld\u00e1sos hat\u00e1sa.<\/p>\n<p style=\"text-align: justify;\">Nos, ha t\u00e9ged zavar, amit r\u00f3lam mondanak, h\u00e1t zavar, \u00e9s k\u00e9sz. Felesleges k\u00fczdened az \u00e9rz\u00e9s ellen, mert az j\u00f6n, amikor akar, \u00e9s megy, amikor akar. Egyszer\u0171en csak mindig jusson eszedbe: aki engem szid, az mindenkinek j\u00f3t tesz! \u00d6nmag\u00e1nak, neked \u00e9s nekem is&#8230; Tartson nyugodtan sarlat\u00e1nnak vagy hazugnak, mi\u00e9rt baj az?<\/p>\n<p style=\"text-align: justify;\">S az el\u0151bb azt is mondtad, hogy engem nem \u00e9rdekel m\u00e1sok v\u00e9lem\u00e9nye. Figyelj, ez nem igaz. Az emberr\u00e9 v\u00e1l\u00e1s fontos folyamata az, hogy odafigyelj a t\u00f6bbi emberre &#8211; a faj \u00e9s az egy\u00e9n t\u00fal\u00e9l\u00e9se m\u00falik azon, hogy felfogd \u00e9s \u00e9rt\u00e9keld a k\u00f6rnyezeted reakci\u00f3it. \u00dagy is mondhatn\u00e1m, hogy az a hat\u00e1s, hogy felfogd \u00e9s reag\u00e1lj a r\u00f3lad alkotott v\u00e9lem\u00e9nyekre, genetikailag k\u00f3dolt. Term\u00e9szetesen vannak, akik csak v\u00e1llr\u00e1z\u00e1ssal \u00e9s k\u00f6z\u00f6nnyel reag\u00e1lnak, de vedd \u00e9szre, hogy \u0151k \u00edgy is reag\u00e1lnak (nevet). Arr\u00f3l nem is besz\u00e9lve, hogy a k\u00f6z\u00f6ny\u00f6s reakci\u00f3 \u00e1ltal\u00e1ban csak g\u00f6rcs\u00f6s elfojt\u00e1s \u00e9s titkol\u00f3z\u00e1s; ilyen esetben sokkal jobban j\u00e1rsz, ha \u0151szint\u00e9n meg\u00e9led a benned felfortyan\u00f3 term\u00e9szetes, emberi \u00e9rz\u00e9seket. \u00c9n az\u00e9rt nem reag\u00e1lok az engem \u00e9rt szidalmakra vagy dics\u00e9retekre, mert nem r\u00f3lam sz\u00f3lnak. Nem engem szidnak vagy dics\u00e9rnek az emberek &#8211; amit az ember r\u00f3lam l\u00e1t, az a saj\u00e1t felfog\u00e1sa \u00e1ltal teremtett val\u00f3s\u00e1g. M\u00e9g A. J. Christianr\u00f3l sem mondhat val\u00f3s\u00e1got senki, mert h\u00e1t az \u0151 fej\u00e9be sem l\u00e1t bele senki&#8230; Arr\u00f3l nem is besz\u00e9lve, hogy nekem vajmi kev\u00e9s k\u00f6z\u00f6m van A. J. Christianhoz&#8230; Gyan\u00edtom, ha valaki engem szidna, bennem is megindulna egy folyamat, de mivel ez nem szokott bek\u00f6vetkezni, nem tudom megmondani, mit tenn\u00e9k vagy \u00e9rezn\u00e9k ebben a helyzetben. &#8222;<\/p>\n<p><\/p>","protected":false},"excerpt":{"rendered":"<p>A k\u00f6vetkez\u0151 k\u00e9rd\u00e9st A. J. Christian 2005-ben, egy nyilv\u00e1nos el\u0151ad\u00e1son kapta. &#8222;- Kedves Christian! Gyakran besz\u00e9lgetek r\u00f3lad m\u00e1sokkal, s amikor t\u00e9ged szidnak vagy kritiz\u00e1lnak, mindig megd\u00f6bbenek az emberek vaks\u00e1g\u00e1n, r\u00e1ad\u00e1sul az ilyenkor kirobban\u00f3 vit\u00e1ban \u00e9n is agressz\u00edv leszek, pedig tudom, hogy a vit\u00e1nak nincs semmi \u00e9rtelme. T\u00e9ged szemmel l\u00e1that\u00f3an nem \u00e9rdekel m\u00e1sok v\u00e9lem\u00e9nye, hogy csin\u00e1lod? [&hellip;]<\/p>\n","protected":false},"author":1,"featured_media":0,"comment_status":"closed","ping_status":"closed","sticky":false,"template":"","format":"standard","meta":[],"categories":[15],"tags":[],"_links":{"self":[{"href":"http:\/\/ajchristian.hu\/index.php?rest_route=\/wp\/v2\/posts\/52"}],"collection":[{"href":"http:\/\/ajchristian.hu\/index.php?rest_route=\/wp\/v2\/posts"}],"about":[{"href":"http:\/\/ajchristian.hu\/index.php?rest_route=\/wp\/v2\/types\/post"}],"author":[{"embeddable":true,"href":"http:\/\/ajchristian.hu\/index.php?rest_route=\/wp\/v2\/users\/1"}],"replies":[{"embeddable":true,"href":"http:\/\/ajchristian.hu\/index.php?rest_route=%2Fwp%2Fv2%2Fcomments&post=52"}],"version-history":[{"count":7,"href":"http:\/\/ajchristian.hu\/index.php?rest_route=\/wp\/v2\/posts\/52\/revisions"}],"predecessor-version":[{"id":401,"href":"http:\/\/ajchristian.hu\/index.php?rest_route=\/wp\/v2\/posts\/52\/revisions\/401"}],"wp:attachment":[{"href":"http:\/\/ajchristian.hu\/index.php?rest_route=%2Fwp%2Fv2%2Fmedia&parent=52"}],"wp:term":[{"taxonomy":"category","embeddable":true,"href":"http:\/\/ajchristian.hu\/index.php?rest_route=%2Fwp%2Fv2%2Fcategories&post=52"},{"taxonomy":"post_tag","embeddable":true,"href":"http:\/\/ajchristian.hu\/index.php?rest_route=%2Fwp%2Fv2%2Ftags&post=52"}],"curies":[{"name":"wp","href":"https:\/\/api.w.org\/{rel}","templated":true}]}}